{"id":12866,"date":"2023-02-16T15:47:28","date_gmt":"2023-02-16T12:47:28","guid":{"rendered":"https:\/\/library.usm.md\/?p=12866"},"modified":"2023-02-16T15:49:03","modified_gmt":"2023-02-16T12:49:03","slug":"fascinatia-lecturii","status":"publish","type":"post","link":"https:\/\/library.usm.md\/?p=12866","title":{"rendered":"Fascina\u021bia lecturii"},"content":{"rendered":"<p><\/p>\n<p style=\"text-align: justify;\"><span style=\"color: #333333;\">\u00cen data de 15 februarie 2023 Biblioteca Central\u0103 USM a organizat un eveniment cultural-artistic cu genericul \u201eFascina\u021bia lecturii\u201d. Aceast\u0103 activitate se integreaz\u0103 \u00een \u0219irul evenimentelor dedicate Zilei Na\u021bionale a Lecturii.<\/span><\/p>\n<p style=\"text-align: justify;\"><span style=\"color: #333333;\">Evenimentul a fost inaugurat de c\u0103tre \u0219efa Bibliotecii, dna Lilia Dogoter, care a salutat publicul, vorbindu-le despre instituirea Zilei Na\u021bionale a Lecturii \u00een Republica Moldova, dar \u0219i \u00een alte \u021b\u0103ri, despre puterea c\u0103r\u021bii \u00een formarea tinerilor nu doar ca buni speciali\u0219ti, dar \u0219i ca oameni adev\u0103ra\u021bi.<\/span><\/p>\n<p style=\"text-align: justify;\"><span style=\"color: #333333;\">La eveniment au participat scriitoarele, absolvente ale Universit\u0103\u021bii de Stat din Moldova: Lidia Grosu, care a fost \u0219i\u00a0 moderatoarea activit\u0103\u021bii, \u00a0Geta Lipovanciuc, scriitoare, autoare \u0219i interpret\u0103 de piese muzicale; Ludmila Berzoi, dr., conf. univ.<\/span><\/p>\n<p style=\"text-align: justify;\"><span style=\"color: #333333;\">Invitatele au vorbit despre Ziua na\u021bional\u0103 a Lecturii, despre rolul Bibliotecii \u00een educarea tinerilor pentru cultura lecturii. Nu au lipsit versurile prezentate de autori \u0219i \u00eendemnul spre carte \u0219i lectur\u0103. Surprin\u0219i \u0219i cople\u0219i\u021bi de\u00a0 emo\u021bii participan\u021bii au reac\u021bionat cu aplauze la interpretarea pieselor proprii de c\u0103tre autoarea Geta Lipovanciuc.<\/span><\/p>\n<p style=\"text-align: justify;\"><span style=\"color: #333333;\">Prezen\u021ba \u0219i cuv\u00e2ntul distinsei Doamne Aurelia Crivoi, doctor habilitat \u00een biologie, profesor universitar a emanat lumin\u0103 \u0219i bucurie p<\/span><span style=\"color: #333333;\">entru tineri \u0219i tot ce se \u00eent\u00eempl\u0103 \u00een cadrul USM, institu\u021bie c\u0103reia i-a fost devotat\u0103 o via\u021b\u0103.<\/span><\/p>\n<p style=\"text-align: justify;\"><span style=\"color: #333333;\">Un interes aparte a trezit recitalul de poezie pe marginea crea\u021biei tineretului studios.<\/span><\/p>\n<p style=\"text-align: justify;\"><span style=\"color: #333333;\">Versurile proprii au fost prezentate publicului de c\u0103tre studen\u021bii:<\/span><\/p>\n<p style=\"text-align: justify; padding-left: 40px;\"><span style=\"color: #333333;\">Ababei Mihaela, Facultatea de Drept, anul I;<\/span><\/p>\n<p style=\"text-align: justify; padding-left: 40px;\"><span style=\"color: #333333;\">Rogoja Mihaela, \u00a0\u00a0ASEM,\u00a0 anul I, \u00a0membr\u0103 a Asocia\u021biei ELSA (Asocia\u021bia studen\u021bilor de drept din Moldova);<\/span><\/p>\n<p style=\"text-align: justify; padding-left: 40px;\"><span style=\"color: #333333;\">Tatiana Grosu, Facultatea de Litere, anul IV;<\/span><\/p>\n<p style=\"text-align: justify; padding-left: 40px;\"><span style=\"color: #333333;\">Vame\u0219 Gheorghe, Facultatea de Istorie \u0219i Filosofie, anul I\u00a0 \u00a0<\/span><\/p>\n<p style=\"text-align: justify; padding-left: 40px;\"><span style=\"color: #333333;\">Vitalie Gaiceanu, Facultatea de Istorie \u0219i Filosofie, anul II.<\/span><\/p>\n<p style=\"text-align: justify;\"><span style=\"color: #333333;\">Vom men\u021biona \u0219i recitalul de versuri pe marginea crea\u021biei marilor poe\u021bi Mihai Eminescu \u0219i Grigore Vieru. \u00cen cadrul acestuia studen\u021bii au prezentat poemul \u201eLuceaf\u0103rul\u201d de Mihai Eminescu \u00a0\u00een traducere:<\/span><\/p>\n<p style=\"text-align: justify;\"><span style=\"color: #333333;\">\u00a0\u00a0\u00a0\u00a0\u00a0 \u00a0\u00a0\u00a0 Burlac Vladislav, Facultatea \u0218tiin\u021be Economice, anul II (\u00een\u00a0 limba rom\u00e2n\u0103)<\/span><\/p>\n<p style=\"text-align: justify;\"><span style=\"color: #333333;\">\u00a0\u00a0\u00a0\u00a0\u00a0 \u00a0\u00a0\u00a0 Tatiana Grosu, Facultatea de Litere, anul IV (\u00een limba englez\u0103); \u00a0<\/span><\/p>\n<p style=\"text-align: justify;\"><span style=\"color: #333333;\">\u00a0\u00a0\u00a0\u00a0\u00a0 \u00a0\u00a0\u00a0 Petcu Ana, Facultatea de Litere, anul III (\u00een limba francez\u0103);<\/span><\/p>\n<p style=\"text-align: justify;\"><span style=\"color: #333333;\">\u00a0\u00a0\u00a0\u00a0\u00a0\u00a0\u00a0\u00a0\u00a0 C\u0103l\u0103r\u0103\u0219an Elena, Facultatea Litere, anul I (\u00een limba rus\u0103)<\/span><\/p>\n<p style=\"text-align: justify;\"><span style=\"color: #333333;\">Publicul a apreciat \u0219i prezent\u0103rile studen\u021bilor:\u00a0<\/span><\/p>\n<p style=\"text-align: justify; padding-left: 40px;\"><span style=\"color: #333333;\">Gheorghe Vame\u0219, Facultatea de Istorie \u0219i Filosofie, anul I cu poezia \u201eFloare albastr\u0103\u201d de Mihai Eminescu;<\/span><\/p>\n<p style=\"text-align: justify; padding-left: 40px;\"><span style=\"color: #333333;\">Aglesina Lungu, Facultatea de Litere, anul I cu poezia \u201eC\u0103m\u0103\u0219ile\u201d de Grigore Vieru.<\/span><\/p>\n<p style=\"text-align: justify;\"><span style=\"color: #333333;\">Pe tot parcursul evenimentului a sunat muzic\u0103, interpretat\u0103 cu drag de talenta\u021bii tineri de la USM:<\/span><\/p>\n<p style=\"text-align: justify; padding-left: 40px;\"><span style=\"color: #333333;\">Petcu Ana, Facultatea de Litere, anul III;<\/span><\/p>\n<p style=\"text-align: justify; padding-left: 40px;\"><span style=\"color: #333333;\">Graminschi Anastasia, Facultatea de Jurnalism \u0219i \u0218tiin\u021be ale Comunic\u0103rii, anul III.<\/span><\/p>\n<p style=\"text-align: justify;\"><span style=\"color: #333333;\">Iar piesa proprie din final, interpretat\u0103 de Geta Lipovanciuc a sunat ca un adev\u0103rat imn dedicat c\u0103r\u021bii.<\/span><\/p>\n<p style=\"text-align: justify;\"><span style=\"color: #333333;\">La finele manifest\u0103rii Biblioteca a lansat ideea de a crea un club de lectur\u0103, care va activa sub egida Bibliotecii, care a fost acceptat\u0103 de public.<\/span><\/p>\n<p style=\"text-align: justify;\"><span style=\"color: #333333;\">Biblioteca, dar \u0219i studen\u021bii au beneficiat de daruri, c\u0103r\u021bi semnate \u0219i oferite cu drag din partea scriitoarelor Geta Lipovanciuc \u0219i Ludmila Berzoi.<\/span><\/p>\n<p style=\"text-align: justify;\"><span style=\"color: #333333;\">Aducem cele mai calde mul\u021bumiri tuturor invita\u021bilor, studen\u021bilor, profesorilor, bibliotecarilor, care \u00eentr-un fel sau altul au contribuit la organizarea \u0219i succesul evenimentului.<\/span><\/p>\n<p><img fetchpriority=\"high\" decoding=\"async\" class=\"size-full wp-image-12868 aligncenter\" src=\"https:\/\/library.usm.md\/wp-content\/uploads\/2023\/02\/1-1.jpg\" alt=\"\" width=\"1024\" height=\"683\" \/><\/p>\n<p><img decoding=\"async\" class=\"size-full wp-image-12869 aligncenter\" src=\"https:\/\/library.usm.md\/wp-content\/uploads\/2023\/02\/2-1.jpg\" alt=\"\" width=\"1020\" height=\"768\" \/><\/p>\n<p><img decoding=\"async\" class=\"size-full wp-image-12870 aligncenter\" src=\"https:\/\/library.usm.md\/wp-content\/uploads\/2023\/02\/3-1.jpg\" alt=\"\" width=\"1020\" height=\"768\" \/><\/p>\n<p><img loading=\"lazy\" decoding=\"async\" class=\"size-full wp-image-12871 aligncenter\" src=\"https:\/\/library.usm.md\/wp-content\/uploads\/2023\/02\/4-1.jpg\" alt=\"\" width=\"1020\" height=\"768\" \/><\/p>\n<p><img loading=\"lazy\" decoding=\"async\" class=\"size-full wp-image-12872 aligncenter\" src=\"https:\/\/library.usm.md\/wp-content\/uploads\/2023\/02\/5-1.jpg\" alt=\"\" width=\"1020\" height=\"768\" \/><\/p>\n<p><img loading=\"lazy\" decoding=\"async\" class=\"size-full wp-image-12873 aligncenter\" src=\"https:\/\/library.usm.md\/wp-content\/uploads\/2023\/02\/6-1.jpg\" alt=\"\" width=\"1024\" height=\"683\" \/><\/p>\n<p><img loading=\"lazy\" decoding=\"async\" class=\" wp-image-12874 aligncenter\" src=\"https:\/\/library.usm.md\/wp-content\/uploads\/2023\/02\/7-1-rotated.jpg\" alt=\"\" width=\"1023\" height=\"1358\" \/><\/p>\n<p><img loading=\"lazy\" decoding=\"async\" class=\" wp-image-12875 aligncenter\" src=\"https:\/\/library.usm.md\/wp-content\/uploads\/2023\/02\/8-1-rotated.jpg\" alt=\"\" width=\"1022\" height=\"1357\" \/><\/p>\n<p><img loading=\"lazy\" decoding=\"async\" class=\"size-full wp-image-12876 aligncenter\" src=\"https:\/\/library.usm.md\/wp-content\/uploads\/2023\/02\/9-1.jpg\" alt=\"\" width=\"1020\" height=\"768\" \/><\/p>\n<p><img loading=\"lazy\" decoding=\"async\" class=\"size-full wp-image-12877 aligncenter\" src=\"https:\/\/library.usm.md\/wp-content\/uploads\/2023\/02\/10-1.jpg\" alt=\"\" width=\"1024\" height=\"683\" \/><\/p>\n<p><img loading=\"lazy\" decoding=\"async\" class=\"size-full wp-image-12878 aligncenter\" src=\"https:\/\/library.usm.md\/wp-content\/uploads\/2023\/02\/11-1.jpg\" alt=\"\" width=\"1024\" height=\"683\" \/><\/p>\n<p><img loading=\"lazy\" decoding=\"async\" class=\"size-full wp-image-12879 aligncenter\" src=\"https:\/\/library.usm.md\/wp-content\/uploads\/2023\/02\/12-1.jpg\" alt=\"\" width=\"1020\" height=\"768\" \/><\/p>\n<p><img loading=\"lazy\" decoding=\"async\" class=\"size-full wp-image-12880 aligncenter\" src=\"https:\/\/library.usm.md\/wp-content\/uploads\/2023\/02\/13-1.jpg\" alt=\"\" width=\"1020\" height=\"768\" \/><\/p>\n<p><img loading=\"lazy\" decoding=\"async\" class=\" wp-image-12881 aligncenter\" src=\"https:\/\/library.usm.md\/wp-content\/uploads\/2023\/02\/14-1.jpg\" alt=\"\" width=\"1018\" height=\"1526\" \/><\/p>\n<p><img loading=\"lazy\" decoding=\"async\" class=\" wp-image-12882 aligncenter\" src=\"https:\/\/library.usm.md\/wp-content\/uploads\/2023\/02\/15-1-rotated.jpg\" alt=\"\" width=\"1023\" height=\"1359\" \/><\/p>\n<p><img loading=\"lazy\" decoding=\"async\" class=\"size-full wp-image-12883 aligncenter\" src=\"https:\/\/library.usm.md\/wp-content\/uploads\/2023\/02\/16-1.jpg\" alt=\"\" width=\"1024\" height=\"683\" \/><\/p>","protected":false},"excerpt":{"rendered":"<p>\u00cen data de 15 februarie 2023 Biblioteca Central\u0103 USM a organizat un eveniment cultural-artistic cu genericul \u201eFascina\u021bia lecturii\u201d. Aceast\u0103 activitate se integreaz\u0103 \u00een \u0219irul evenimentelor dedicate Zilei Na\u021bionale a Lecturii. Evenimentul a fost inaugurat de c\u0103tre \u0219efa Bibliotecii, dna Lilia Dogoter, care a salutat publicul, vorbindu-le despre instituirea Zilei Na\u021bionale a Lecturii \u00een Republica Moldova,&hellip; <br \/> <a class=\"read-more\" href=\"https:\/\/library.usm.md\/?p=12866\">Cite\u0219te mai mult<\/a><\/p>\n","protected":false},"author":2,"featured_media":12868,"comment_status":"closed","ping_status":"closed","sticky":false,"template":"","format":"standard","meta":{"footnotes":""},"categories":[28],"tags":[],"class_list":["post-12866","post","type-post","status-publish","format-standard","has-post-thumbnail","hentry","category-noutati"],"rttpg_featured_image_url":{"full":["https:\/\/library.usm.md\/wp-content\/uploads\/2023\/02\/1-1.jpg",1024,683,false],"landscape":["https:\/\/library.usm.md\/wp-content\/uploads\/2023\/02\/1-1.jpg",1024,683,false],"portraits":["https:\/\/library.usm.md\/wp-content\/uploads\/2023\/02\/1-1.jpg",1024,683,false],"thumbnail":["https:\/\/library.usm.md\/wp-content\/uploads\/2023\/02\/1-1-150x150.jpg",150,150,true],"medium":["https:\/\/library.usm.md\/wp-content\/uploads\/2023\/02\/1-1-300x200.jpg",300,200,true],"large":["https:\/\/library.usm.md\/wp-content\/uploads\/2023\/02\/1-1.jpg",1024,683,false],"1536x1536":["https:\/\/library.usm.md\/wp-content\/uploads\/2023\/02\/1-1.jpg",1024,683,false],"2048x2048":["https:\/\/library.usm.md\/wp-content\/uploads\/2023\/02\/1-1.jpg",1024,683,false],"htmega_size_585x295":["https:\/\/library.usm.md\/wp-content\/uploads\/2023\/02\/1-1-585x295.jpg",585,295,true],"htmega_size_1170x536":["https:\/\/library.usm.md\/wp-content\/uploads\/2023\/02\/1-1-1024x536.jpg",1024,536,true],"htmega_size_396x360":["https:\/\/library.usm.md\/wp-content\/uploads\/2023\/02\/1-1-396x360.jpg",396,360,true],"post-thumbnail":["https:\/\/library.usm.md\/wp-content\/uploads\/2023\/02\/1-1.jpg",1024,683,false],"mesmerize-full-hd":["https:\/\/library.usm.md\/wp-content\/uploads\/2023\/02\/1-1.jpg",1024,683,false]},"rttpg_author":{"display_name":"Domnul_de_la_SIS","author_link":"https:\/\/library.usm.md\/?author=2"},"rttpg_comment":0,"rttpg_category":"<a href=\"https:\/\/library.usm.md\/?cat=28\" rel=\"category\">Nout\u0103\u021bi<\/a>","rttpg_excerpt":"\u00cen data de 15 februarie 2023 Biblioteca Central\u0103 USM a organizat un eveniment cultural-artistic cu genericul \u201eFascina\u021bia lecturii\u201d. Aceast\u0103 activitate se integreaz\u0103 \u00een \u0219irul evenimentelor dedicate Zilei Na\u021bionale a Lecturii. Evenimentul a fost inaugurat de c\u0103tre \u0219efa Bibliotecii, dna Lilia Dogoter, care a salutat publicul, vorbindu-le despre instituirea Zilei Na\u021bionale a Lecturii \u00een Republica Moldova,&hellip;&hellip;","_links":{"self":[{"href":"https:\/\/library.usm.md\/index.php?rest_route=\/wp\/v2\/posts\/12866","targetHints":{"allow":["GET"]}}],"collection":[{"href":"https:\/\/library.usm.md\/index.php?rest_route=\/wp\/v2\/posts"}],"about":[{"href":"https:\/\/library.usm.md\/index.php?rest_route=\/wp\/v2\/types\/post"}],"author":[{"embeddable":true,"href":"https:\/\/library.usm.md\/index.php?rest_route=\/wp\/v2\/users\/2"}],"replies":[{"embeddable":true,"href":"https:\/\/library.usm.md\/index.php?rest_route=%2Fwp%2Fv2%2Fcomments&post=12866"}],"version-history":[{"count":2,"href":"https:\/\/library.usm.md\/index.php?rest_route=\/wp\/v2\/posts\/12866\/revisions"}],"predecessor-version":[{"id":12885,"href":"https:\/\/library.usm.md\/index.php?rest_route=\/wp\/v2\/posts\/12866\/revisions\/12885"}],"wp:featuredmedia":[{"embeddable":true,"href":"https:\/\/library.usm.md\/index.php?rest_route=\/wp\/v2\/media\/12868"}],"wp:attachment":[{"href":"https:\/\/library.usm.md\/index.php?rest_route=%2Fwp%2Fv2%2Fmedia&parent=12866"}],"wp:term":[{"taxonomy":"category","embeddable":true,"href":"https:\/\/library.usm.md\/index.php?rest_route=%2Fwp%2Fv2%2Fcategories&post=12866"},{"taxonomy":"post_tag","embeddable":true,"href":"https:\/\/library.usm.md\/index.php?rest_route=%2Fwp%2Fv2%2Ftags&post=12866"}],"curies":[{"name":"wp","href":"https:\/\/api.w.org\/{rel}","templated":true}]}}